{"id":1423,"date":"2017-09-29T18:57:23","date_gmt":"2017-09-29T17:57:23","guid":{"rendered":"http:\/\/www.vestibulus.com\/?p=1423"},"modified":"2017-09-29T19:38:55","modified_gmt":"2017-09-29T18:38:55","slug":"vestibulus-sera-a-reeduca-paris","status":"publish","type":"post","link":"http:\/\/www.vestibulus.com\/?p=1423","title":{"rendered":"Nous serons pr\u00e9sents au salon R\u00e9\u00e9duca \u00e0 Paris le 5,6 et samedi 7 Octobre 2017"},"content":{"rendered":"<div class=\"vc_row row\"  >\n\t<div class=\"vc_col-sm-6 wpb_column vc_column_container \">\n\t\t<div class=\"wpb_wrapper\">\n\t\t\t\n\t<div class=\"wpb_text_column wpb_content_element \">\n\t\t<div class=\"wpb_wrapper\">\n\t\t\t<p>Bonjour,<\/p>\n<p>L&rsquo;\u00e9quipe VESTIBULUS est ravie de vous annoncer sa participation \u00e0 R\u00e9\u00e9duca le 5, 6 et 7 Octobre 2017\u00a0<a href=\"https:\/\/www.salonreeduca.com\" target=\"_blank\">, le salon de la r\u00e9\u00e9ducation, de la masso-kin\u00e9sith\u00e9rapie et du bien \u00eatre<\/a>. Paris expo Porte de Versailles &#8211; Pavillon 4. Vous \u00eates chaleureusement invit\u00e9 \u00e0 nous rejoindre <strong>stand B04<\/strong> (Stand commun avec ITMP).<\/p>\n<p><!--more--><\/p>\n<p>Pour nous trouver sur le salon, c&rsquo;est tr\u00e8s simple : <span style=\"color: #999999;\">voir plan plus bas<\/span><br \/>\n&#8211; une fois entr\u00e9e, tournez \u00e0 gauche<br \/>\n&#8211; allez au bout et avant l&rsquo;espace Atelier qui termine l&rsquo;all\u00e9e nous sommes \u00e0 droite.<\/p>\n<p>Retrouvez tous les liens pour en savoir plus:<br \/>\n&#8211; <a href=\"http:\/\/www.salonreeduca.com\/fr\/visiter\/animations\/\" target=\"_blank\">Le programme des animations<\/a><br \/>\n&#8211; <a href=\"https:\/\/www.salonreeduca.com\/fr\/Infos-Pratiques\/\" target=\"_blank\">Les informations pratiques pour R\u00e9\u00e9duca<\/a><br \/>\n&#8211;\u00a0<a href=\"https:\/\/www.salonreeduca.com\/fr\/visiter\/animations\/Conferences\/\" target=\"_blank\">Le planning des conf\u00e9rences<br \/>\n<\/a><br \/>\nNous aurons l&rsquo;occasion de vous pr\u00e9senter et de vous faire tester nos derni\u00e8res innovations , <a href=\"http:\/\/www.salonreeduca.com\/fr\/Exposants\/3328442\/VESTIBULUS\/Produits\/1224637\/VestiVD\" target=\"_blank\">VestiVD<\/a>, <a href=\"http:\/\/www.salonreeduca.com\/fr\/Exposants\/3328442\/VESTIBULUS\/Produits\/1246457\/VestiMouv\" target=\"_blank\">VestiMouv<\/a> et VestiLife ainsi que la derni\u00e8re version de nos logiciels Vestibulus.<\/p>\n\n\t\t<\/div> \n\t<\/div> \n\t\t<\/div> \n\t<\/div> \n\n\t<div class=\"vc_col-sm-6 wpb_column vc_column_container \">\n\t\t<div class=\"wpb_wrapper\">\n\t\t\t\n\t<div class=\"wpb_single_image wpb_content_element vc_align_left\">\n\t\t<div class=\"wpb_wrapper\">\n\t\t\t\n\t\t\t<a href=\"http:\/\/www.congres-jfk.fr\/\" target=\"_self\"><div class=\"vc_single_image-wrapper   vc_box_border_grey\"><img width=\"400\" height=\"400\" src=\"http:\/\/www.vestibulus.com\/wp-content\/uploads\/2017\/09\/reeducaimageblog.jpg\" class=\"vc_single_image-img attachment-full\" alt=\"reeduca realite virtuelle reeducation\" loading=\"lazy\" srcset=\"http:\/\/www.vestibulus.com\/wp-content\/uploads\/2017\/09\/reeducaimageblog.jpg 400w, http:\/\/www.vestibulus.com\/wp-content\/uploads\/2017\/09\/reeducaimageblog-80x80.jpg 80w, http:\/\/www.vestibulus.com\/wp-content\/uploads\/2017\/09\/reeducaimageblog-300x300.jpg 300w\" sizes=\"(max-width: 400px) 100vw, 400px\" \/><\/div><\/a>\n\t\t<\/div> \n\t<\/div> \n\t\t<\/div> \n\t<\/div> \n<\/div><div class=\"vc_row-full-width\"><\/div>\t<div class=\"vc_row row\"  >\n\t<div class=\"vc_col-sm-12 wpb_column vc_column_container \">\n\t\t<div class=\"wpb_wrapper\">\n\t\t\t\n\t<div class=\"wpb_single_image wpb_content_element vc_align_left\">\n\t\t<div class=\"wpb_wrapper\">\n\t\t\t\n\t\t\t<div class=\"vc_single_image-wrapper   vc_box_border_grey\"><img width=\"764\" height=\"403\" src=\"http:\/\/www.vestibulus.com\/wp-content\/uploads\/2017\/09\/plansalon.jpg\" class=\"vc_single_image-img attachment-full\" alt=\"\" loading=\"lazy\" srcset=\"http:\/\/www.vestibulus.com\/wp-content\/uploads\/2017\/09\/plansalon.jpg 764w, http:\/\/www.vestibulus.com\/wp-content\/uploads\/2017\/09\/plansalon-300x158.jpg 300w, http:\/\/www.vestibulus.com\/wp-content\/uploads\/2017\/09\/plansalon-580x306.jpg 580w\" sizes=\"(max-width: 764px) 100vw, 764px\" \/><\/div>\n\t\t<\/div> \n\t<\/div> \n\t<div class=\"wpb_text_column wpb_content_element \">\n\t\t<div class=\"wpb_wrapper\">\n\t\t\t<p>Contactez-nous pour toute demande de renseignement.<br \/>\n\u00c0 tr\u00e8s bient\u00f4t\u00a0\u00e0 R\u00e9\u00e9duca !<\/p>\n\n\t\t<\/div> \n\t<\/div> \n\t\t<\/div> \n\t<\/div> \n<\/div><div class=\"vc_row-full-width\"><\/div>\t<div class=\"vc_row row\"  >\n\t<div class=\"vc_col-sm-12 wpb_column vc_column_container \">\n\t\t<div class=\"wpb_wrapper\">\n\t\t\t<div class=\"vc_separator wpb_content_element vc_sep_width_100 vc_sep_border_width_10 vc_sep_pos_align_center vc_separator_no_text vc_sep_color_white\">\n\t<span class=\"vc_sep_holder vc_sep_holder_l\"><span class=\"vc_sep_line\"><\/span><\/span>\n\t\t<span class=\"vc_sep_holder vc_sep_holder_r\"><span class=\"vc_sep_line\"><\/span><\/span>\n<\/div>\n\n\n\t\t<\/div> \n\t<\/div> \n<\/div><div class=\"vc_row-full-width\"><\/div>\t<div class=\"vc_row row\"  >\n\t<div class=\"vc_col-sm-12 wpb_column vc_column_container \">\n\t\t<div class=\"wpb_wrapper\">\n\t\t\t\n\t<div class=\"wpb_text_column wpb_content_element \">\n\t\t<div class=\"wpb_wrapper\">\n\t\t\t<p>L&rsquo;\u00e9quipe VESTIBULUS<\/p>\n<p>Laure KALUZA<br \/>\nKin\u00e9sith\u00e9rapeute<br \/>\nR\u00e9\u00e9ducatrice vestibulaire<\/p>\n\n\t\t<\/div> \n\t<\/div> \n\t\t<\/div> \n\t<\/div> \n<\/div><div class=\"vc_row-full-width\"><\/div>\t<div class=\"vc_row row\"  >\n\t<div class=\"vc_col-sm-12 wpb_column vc_column_container \">\n\t\t<div class=\"wpb_wrapper\">\n\t\t\t<div class=\"vc_separator wpb_content_element vc_sep_width_100 vc_sep_border_width_10 vc_sep_pos_align_center vc_separator_no_text vc_sep_color_white\">\n\t<span class=\"vc_sep_holder vc_sep_holder_l\"><span class=\"vc_sep_line\"><\/span><\/span>\n\t\t<span class=\"vc_sep_holder vc_sep_holder_r\"><span class=\"vc_sep_line\"><\/span><\/span>\n<\/div>\n\n\n\t\t<\/div> \n\t<\/div> \n<\/div><div class=\"vc_row-full-width\"><\/div>\t<div class=\"vc_row row\"  >\n\t<div class=\"vc_col-sm-12 wpb_column vc_column_container \">\n\t\t<div class=\"wpb_wrapper\">\n\t\t\t<div class=\"vc_button-2-wrapper vc_button-2-align-center\"><a class=\"vc_btn vc_btn_green vc_btn-green vc_btn_lg vc_btn-lg vc_btn_rounded\" href=\"http:\/\/www.vestibulus.com\/contactez-nous\/\" title=\"\" target=\"\">Contactez-nous<\/a><\/div>\n\n\t\t<\/div> \n\t<\/div> \n<\/div><div class=\"vc_row-full-width\"><\/div>\n","protected":false},"excerpt":{"rendered":"<p>Bonjour, L&rsquo;\u00e9quipe VESTIBULUS est ravie de vous annoncer sa participation \u00e0 R\u00e9\u00e9duca le 5, 6 et 7 Octobre 2017\u00a0, le salon de la r\u00e9\u00e9ducation, de la masso-kin\u00e9sith\u00e9rapie et du bien \u00eatre. Paris expo Porte de Versailles &#8211; Pavillon 4. Vous \u00eates chaleureusement invit\u00e9 \u00e0 nous rejoindre stand B04 (Stand commun avec ITMP).<\/p>\n","protected":false},"author":9,"featured_media":1425,"comment_status":"open","ping_status":"open","sticky":false,"template":"","format":"standard","meta":[],"categories":[1],"tags":[],"_links":{"self":[{"href":"http:\/\/www.vestibulus.com\/index.php?rest_route=\/wp\/v2\/posts\/1423"}],"collection":[{"href":"http:\/\/www.vestibulus.com\/index.php?rest_route=\/wp\/v2\/posts"}],"about":[{"href":"http:\/\/www.vestibulus.com\/index.php?rest_route=\/wp\/v2\/types\/post"}],"author":[{"embeddable":true,"href":"http:\/\/www.vestibulus.com\/index.php?rest_route=\/wp\/v2\/users\/9"}],"replies":[{"embeddable":true,"href":"http:\/\/www.vestibulus.com\/index.php?rest_route=%2Fwp%2Fv2%2Fcomments&post=1423"}],"version-history":[{"count":10,"href":"http:\/\/www.vestibulus.com\/index.php?rest_route=\/wp\/v2\/posts\/1423\/revisions"}],"predecessor-version":[{"id":1435,"href":"http:\/\/www.vestibulus.com\/index.php?rest_route=\/wp\/v2\/posts\/1423\/revisions\/1435"}],"wp:featuredmedia":[{"embeddable":true,"href":"http:\/\/www.vestibulus.com\/index.php?rest_route=\/wp\/v2\/media\/1425"}],"wp:attachment":[{"href":"http:\/\/www.vestibulus.com\/index.php?rest_route=%2Fwp%2Fv2%2Fmedia&parent=1423"}],"wp:term":[{"taxonomy":"category","embeddable":true,"href":"http:\/\/www.vestibulus.com\/index.php?rest_route=%2Fwp%2Fv2%2Fcategories&post=1423"},{"taxonomy":"post_tag","embeddable":true,"href":"http:\/\/www.vestibulus.com\/index.php?rest_route=%2Fwp%2Fv2%2Ftags&post=1423"}],"curies":[{"name":"wp","href":"https:\/\/api.w.org\/{rel}","templated":true}]}}