{"id":809,"date":"2016-04-15T15:05:57","date_gmt":"2016-04-15T14:05:57","guid":{"rendered":"http:\/\/www.vestibulus.com\/?p=809"},"modified":"2016-04-26T10:17:56","modified_gmt":"2016-04-26T09:17:56","slug":"actualites-congres-sfkv-2016","status":"publish","type":"post","link":"http:\/\/www.vestibulus.com\/?p=809","title":{"rendered":"Vestibulus pr\u00e9sent au congr\u00e8s SFKV 2016"},"content":{"rendered":"<p>Bonjour, Nous avons plusieurs points importants \u00e0 vous communiquer. Merci de prendre le temps de les d\u00e9couvrir<\/p>\n<h3><strong>VESTIBULUS \u2013 PRESENT AUX PROCHAINS CONGRES !<\/strong><\/h3>\n<p>Nous sommes tr\u00e8s heureux et fiers de vous annoncer la pr\u00e9sence pour la premi\u00e8re fois de Vestibulus aux congr\u00e8s suivants: \u00b7 Congr\u00e8s de la SFKV \u00e0 Lyon (8 et 9 avril 2016) \u00b7 Congr\u00e8s de la SIRV \u00e0 Angers (3 et 4 juin 2016) \u00b7 Les Aliz\u00e9ennes \u00e0 Aix-les-bains (3 et 4 juin 2016) <strong>Retrouver nous d\u00e8s demain sur notre stand pour d\u00e9couvrir en exclusivit\u00e9 notre nouveau logiciel <u>VESTIFOULE<\/u> ainsi que les autres nouveaut\u00e9s de la gamme Vestibulus.<\/strong><\/p>\n<table cellspacing=\"0\" cellpadding=\"0\">\n<tbody>\n<tr>\n<td width=\"194\">\n<table cellspacing=\"0\" cellpadding=\"0\">\n<tbody>\n<tr>\n<td><img loading=\"lazy\" src=\"http:\/\/www.vestibulus.com\/wp-content\/uploads\/2016\/03\/logosfkv-90x110.png\" alt=\"\" width=\"90\" height=\"110\" \/><\/td>\n<\/tr>\n<\/tbody>\n<\/table>\n<\/td>\n<td width=\"194\">\n<table cellspacing=\"0\" cellpadding=\"0\">\n<tbody>\n<tr>\n<td><img loading=\"lazy\" src=\"http:\/\/www.vestibulus.com\/logo-sirv.png\" alt=\"\" width=\"72\" height=\"120\" \/><\/td>\n<\/tr>\n<\/tbody>\n<\/table>\n<\/td>\n<td width=\"194\">\n<table cellspacing=\"0\" cellpadding=\"0\">\n<tbody>\n<tr>\n<td><img loading=\"lazy\" src=\"http:\/\/www.alize-kine.org\/_frame\/logo-transparentpetit.png\" alt=\"\" width=\"90\" height=\"114\" \/><\/td>\n<\/tr>\n<\/tbody>\n<\/table>\n<\/td>\n<\/tr>\n<\/tbody>\n<\/table>\n<h3><strong>CHOISIR OCULUS CV1 OU HTC VIVE ?<\/strong><\/h3>\n<p><strong>Enfin, certains parmis vous nous demandent que faut-il choisir entre l&rsquo;oculusq CV1 et l&rsquo;HTC Vive. <u>Les logiciels Vestibulus sont et seront compatibles avec les casques oculus DK2, oculus CV1 et HTC Vive.<\/u><\/strong> En effet, nous n&rsquo;avons aucun parti pris vu que ces 2 casques ont chacun des avantages et des inconv\u00e9nients mais leurs caract\u00e9ristiques techniques sont tr\u00e8s proches. <a href=\"http:\/\/www.digitaltrends.com\/virtual-reality\/oculus-rift-vs-htc-vive\/\" data-cke-saved-href=\"http:\/\/www.digitaltrends.com\/virtual-reality\/oculus-rift-vs-htc-vive\/\">http:\/\/www.digitaltrends.com\/virtual-reality\/oculus-rift-vs-htc-vive\/<\/a> Nous souhaitons que vous soyez libre de faire votre choix aussi bien en termes d\u2019espace n\u00e9cessaire que d\u2019investissement. Sachez aussi que l\u2019oculus CV1, tout comme L\u2019HTC VIVE actuellement, va lui aussi avoir des contr\u00f4leurs sp\u00e9cifiques :<strong>Les contr\u00f4leurs \u00ab\u00a0Touch\u00a0\u00bb<\/strong>. Le journaliste, Jean-Kl\u00e9ber LAURET, du site Les NUMERIQUES, les a test\u00e9s il y a quelques jours \u00e0 l\u2019occasion du salon MWC 2016. Voici sa conclusion : <u><strong>\u00ab Bref, Oculus tient peut-\u00eatre l\u00e0 le meilleur moyen, pour le moment, d&rsquo;interagir avec un monde virtuel. La compagnie am\u00e9ricaine prend ainsi un avantage certain sur HTC, dont les manettes sont certes tr\u00e8s pr\u00e9cises, mais moins immersives et abouties en mati\u00e8re de prise en main. \u00bb<\/strong><\/u> Ces derniers ne devraient pas arriv\u00e9s avant le second semestre 2016. Il est donc important de ne pas se pr\u00e9cipiter et de bien r\u00e9fl\u00e9chir son choix. Je vous laisse d\u00e9couvrir l\u2019article dans sa version compl\u00e8te : <a href=\"http:\/\/www.lesnumeriques.com\/casque-realite-virtuelle\/oculus-vr-rift-cv1-p20029\/mwc-2016-on-a-essaye-controleurs-touch-oculus-rift-n50175.html\" data-cke-saved-href=\"http:\/\/www.lesnumeriques.com\/casque-realite-virtuelle\/oculus-vr-rift-cv1-p20029\/mwc-2016-on-a-essaye-controleurs-touch-oculus-rift-n50175.html\">http:\/\/www.lesnumeriques.com\/casque-realite-virtuelle\/oculus-vr-rift-cv1-p20029\/mwc-2016-on-a-essaye-controleurs-touch-oculus-rift-n50175.html<\/a>. Ce m\u00eame journaliste a aussi test\u00e9 le HTC vive lors de ce m\u00eame salon : <a href=\"http:\/\/www.lesnumeriques.com\/casque-realite-virtuelle\/htc-vive-pre-p30731\/mwc-2016-nouvelle-version-htc-vive-notre-essai-en-video-n50173.html\" data-cke-saved-href=\"http:\/\/www.lesnumeriques.com\/casque-realite-virtuelle\/htc-vive-pre-p30731\/mwc-2016-nouvelle-version-htc-vive-notre-essai-en-video-n50173.html\">http:\/\/www.lesnumeriques.com\/casque-realite-virtuelle\/htc-vive-pre-p30731\/mwc-2016-nouvelle-version-htc-vive-notre-essai-en-video-n50173.html<\/a> En esp\u00e9rant que cela vous permettra de d\u00e9couvrir un peu plus ces 2 diff\u00e9rents casques VR afin de murir votre acquisition.<\/p>\n<table cellspacing=\"0\" cellpadding=\"0\">\n<tbody>\n<tr>\n<td width=\"290\">\n<table border=\"0\" width=\"100%\" cellspacing=\"0\" cellpadding=\"0\">\n<tbody>\n<tr>\n<td><img loading=\"lazy\" src=\"http:\/\/img1.lesnumeriques.com\/news\/50\/50175\/oculus-touch-3.jpg\" alt=\"\" width=\"273\" height=\"152\" \/><\/td>\n<\/tr>\n<tr>\n<td><strong>Oculus Touch<\/strong><\/td>\n<\/tr>\n<\/tbody>\n<\/table>\n<\/td>\n<td width=\"290\">\n<table border=\"0\" width=\"100%\" cellspacing=\"0\" cellpadding=\"0\">\n<tbody>\n<tr>\n<td><img loading=\"lazy\" src=\"https:\/\/www.htcvive.com\/managed-assets\/shared\/desktop\/vive\/VR_Web_Product_Controller.png\" alt=\"\" width=\"273\" height=\"164\" \/><\/td>\n<\/tr>\n<tr>\n<td><strong>SteamVR controller<\/strong><\/td>\n<\/tr>\n<\/tbody>\n<\/table>\n<\/td>\n<\/tr>\n<\/tbody>\n<\/table>\n","protected":false},"excerpt":{"rendered":"<p>Bonjour, Nous avons plusieurs points importants \u00e0 vous communiquer. Merci de prendre le temps de les d\u00e9couvrir VESTIBULUS \u2013 PRESENT AUX PROCHAINS CONGRES ! Nous sommes tr\u00e8s heureux et fiers de vous annoncer la pr\u00e9sence pour la premi\u00e8re fois de Vestibulus aux congr\u00e8s suivants: \u00b7 Congr\u00e8s de la SFKV \u00e0 Lyon (8 et 9 avril 2016) \u00b7 Congr\u00e8s de la SIRV \u00e0 Angers (3 et 4 juin 2016) \u00b7 Les Aliz\u00e9ennes \u00e0 Aix-les-bains (3 et 4 juin 2016) Retrouver nous&hellip;<\/p>\n","protected":false},"author":9,"featured_media":923,"comment_status":"open","ping_status":"open","sticky":false,"template":"","format":"standard","meta":[],"categories":[1],"tags":[],"_links":{"self":[{"href":"http:\/\/www.vestibulus.com\/index.php?rest_route=\/wp\/v2\/posts\/809"}],"collection":[{"href":"http:\/\/www.vestibulus.com\/index.php?rest_route=\/wp\/v2\/posts"}],"about":[{"href":"http:\/\/www.vestibulus.com\/index.php?rest_route=\/wp\/v2\/types\/post"}],"author":[{"embeddable":true,"href":"http:\/\/www.vestibulus.com\/index.php?rest_route=\/wp\/v2\/users\/9"}],"replies":[{"embeddable":true,"href":"http:\/\/www.vestibulus.com\/index.php?rest_route=%2Fwp%2Fv2%2Fcomments&post=809"}],"version-history":[{"count":14,"href":"http:\/\/www.vestibulus.com\/index.php?rest_route=\/wp\/v2\/posts\/809\/revisions"}],"predecessor-version":[{"id":919,"href":"http:\/\/www.vestibulus.com\/index.php?rest_route=\/wp\/v2\/posts\/809\/revisions\/919"}],"wp:featuredmedia":[{"embeddable":true,"href":"http:\/\/www.vestibulus.com\/index.php?rest_route=\/wp\/v2\/media\/923"}],"wp:attachment":[{"href":"http:\/\/www.vestibulus.com\/index.php?rest_route=%2Fwp%2Fv2%2Fmedia&parent=809"}],"wp:term":[{"taxonomy":"category","embeddable":true,"href":"http:\/\/www.vestibulus.com\/index.php?rest_route=%2Fwp%2Fv2%2Fcategories&post=809"},{"taxonomy":"post_tag","embeddable":true,"href":"http:\/\/www.vestibulus.com\/index.php?rest_route=%2Fwp%2Fv2%2Ftags&post=809"}],"curies":[{"name":"wp","href":"https:\/\/api.w.org\/{rel}","templated":true}]}}